{"id":2009,"date":"2026-04-30T15:25:22","date_gmt":"2026-04-30T13:25:22","guid":{"rendered":"https:\/\/perolinedrevon.fr\/?p=2009"},"modified":"2026-04-30T15:26:14","modified_gmt":"2026-04-30T13:26:14","slug":"de-retour-de-la-semaine-de-limpro-a-nancy","status":"publish","type":"post","link":"https:\/\/perolinedrevon.fr\/?p=2009","title":{"rendered":"De retour de la Semaine De L&rsquo;impro \u00e0 NANCY !"},"content":{"rendered":"\n<p>Cette ann\u00e9e , j&rsquo;ai eu la joie d&rsquo;\u00eatre programm\u00e9e au festival annuel de <a href=\"https:\/\/improfestival.com\/\">la semaine de l&rsquo;impro de Nancy<\/a><\/p>\n\n\n\n<p><a href=\"https:\/\/improfestival.com\/\">La Semaine de l\u2019impro<\/a>, ce sont des compagnies internationales (Br\u00e9sil, USA, Colombie, Belgique\u2026), des spectacles d\u2019improvisation th\u00e9\u00e2trale, musicale, clownesque, audiovisuelle, litt\u00e9raire, des happenings, des stages, etc<\/p>\n\n\n\n<p>Nous avons pu jouer la premi\u00e8re de notre spectacle \u00ab \u00c0 voix haute \u00bb avec <a href=\"https:\/\/www.facebook.com\/thierry.bilisko?__cft__[0]=AZY9aIe3H6yRwhUCu2jFB3RM1uk7Y4JS7oRfiCyZEqA8mSooBBf3_Ab9Y-Sz60CQP8D4pk9VXV_Bnol1pwwWE3Egsn45gt18bb5iR2LFCQeyIk9k0MKofdNibUqRmHeV0UB4IgU25Y9y-mAglttiEqTLDioc7iNs6aM2b5tyPMN8ghLh-th4X2nMhdzV8i92lt4&amp;__tn__=-]K-R\">Thierry Bilisko<\/a> sur la magnifique sc\u00e8ne du <a href=\"https:\/\/poirel.nancy.fr\/theatre-de-mon-desert\">th\u00e9\u00e2tre de Mon D\u00e9sert.<\/a><\/p>\n\n\n\n<figure class=\"wp-block-image size-large is-resized\"><img fetchpriority=\"high\" decoding=\"async\" width=\"724\" height=\"1024\" src=\"https:\/\/perolinedrevon.fr\/wp-content\/uploads\/2026\/04\/A-VOIX-HAUTE-1-724x1024.jpg\" alt=\"\" class=\"wp-image-2010\" style=\"width:300px\" srcset=\"https:\/\/perolinedrevon.fr\/wp-content\/uploads\/2026\/04\/A-VOIX-HAUTE-1-724x1024.jpg 724w, https:\/\/perolinedrevon.fr\/wp-content\/uploads\/2026\/04\/A-VOIX-HAUTE-1-212x300.jpg 212w, https:\/\/perolinedrevon.fr\/wp-content\/uploads\/2026\/04\/A-VOIX-HAUTE-1-768x1086.jpg 768w, https:\/\/perolinedrevon.fr\/wp-content\/uploads\/2026\/04\/A-VOIX-HAUTE-1-1086x1536.jpg 1086w, https:\/\/perolinedrevon.fr\/wp-content\/uploads\/2026\/04\/A-VOIX-HAUTE-1.jpg 1414w\" sizes=\"(max-width: 724px) 100vw, 724px\" \/><\/figure>\n\n\n\n<p><img decoding=\"async\" height=\"16\" width=\"16\" src=\"https:\/\/static.xx.fbcdn.net\/images\/emoji.php\/v9\/tae\/1\/16\/1f3ad.png\" alt=\"\ud83c\udfad\"><a href=\"https:\/\/perolinedrevon.fr\/?page_id=1886\"> \u00ab\u00a0A VOIX HAUTE\u00a0\u00bb<\/a> est un spectacle bas\u00e9 sur un temps d\u2019\u00e9change intime avec le public pour parler d\u2019un sujet tabou choisis avec les spectateurs, ce soir l\u00e0 nous avons abord\u00e9 les tabous autour de la parentalit\u00e9.<\/p>\n\n\n\n<p>Les spectateurs ont partag\u00e9s avec nous des exp\u00e9riences intimes et touchantes comme les difficult\u00e9s \u00e0 aimer un nouveau n\u00e9 ou le fait d&rsquo;avoir peur de son adolescent violent mais encore la difficult\u00e9 que peut repr\u00e9senter l&rsquo;allaitement que l&rsquo;on croit si \u00ab\u00a0naturel\u00a0\u00bb &#8230;<\/p>\n\n\n\n<p>Apr\u00e8s le temps d&rsquo;\u00e9change, nous proposons Thierry et moi une vision artistique des sujets explor\u00e9s entre l\u00e9g\u00e8ret\u00e9, tendresse et \u00e9motions fortes? Un subtil \u00e9quilibre n\u00e9cessaire pour aborder ces sujets sensibles au th\u00e9\u00e2tre.<\/p>\n\n\n\n<p><strong>LA VOLONTE ARTISTIQUE ET CITOYENNE :<\/strong><\/p>\n\n\n\n<p><strong>Lib\u00e9rer la parole !<\/strong>&nbsp;Combien de personnes osent prendre la parole sur le mal qui les rongent apr\u00e8s avoir entendu un t\u00e9moignage? Donner l\u2019exemple et parler de sujets sensibles est une des voies possibles pour aider \u00e0 lib\u00e9rer la parole\u2026<\/p>\n\n\n\n<p><strong>La p\u00e9dagogie&nbsp;<\/strong>! Au del\u00e0 de l\u2019humour ou de la tendresse des sc\u00e8nes, le spectacle vise \u00e9galement \u00e0 montrer des bonnes pratiques pour que chaque spectateur-ice reparte avec de nouveaux angles de r\u00e9flexion.<\/p>\n\n\n\n<p><strong>Rendre visibles les sujets invisibles !<\/strong>&nbsp;Ce qui rend un sujet tabou, c\u2019est l\u2019absence ou le peu de place qu\u2019il occupe dans l\u2019espace public. Le rendre visible en nous programmant, c\u2019est militer avec nous pour la visibilit\u00e9 de ces sujets.<\/p>\n\n\n\n<p><strong>LE STAGE &#8211; RECITS INTERDITS <\/strong>:<\/p>\n\n\n\n<p><img decoding=\"async\" height=\"16\" width=\"16\" src=\"https:\/\/static.xx.fbcdn.net\/images\/emoji.php\/v9\/t7c\/1\/16\/1f64b.png\" alt=\"\ud83d\ude4b\">En compl\u00e9ment du spectacle,  j\u2019ai pu proposer mon stage \u00ab r\u00e9cits interdits \u00bb qui permet aux com\u00e9dien-ne-s improvisateur-ice-s d\u2019explorer des sujets sensibles et tabous de fa\u00e7on engag\u00e9e, sinc\u00e8re , tendre, dr\u00f4le avec des outils concrets de mise en sc\u00e8ne pour l&rsquo;improvisation th\u00e9\u00e2trale.<\/p>\n\n\n\n<p>Voici un retour d&rsquo;une participante sur linkedin :<\/p>\n\n\n\n<figure class=\"wp-block-image size-full\"><img loading=\"lazy\" decoding=\"async\" width=\"1003\" height=\"354\" src=\"https:\/\/perolinedrevon.fr\/wp-content\/uploads\/2026\/04\/hefku.png\" alt=\"\" class=\"wp-image-2011\" srcset=\"https:\/\/perolinedrevon.fr\/wp-content\/uploads\/2026\/04\/hefku.png 1003w, https:\/\/perolinedrevon.fr\/wp-content\/uploads\/2026\/04\/hefku-300x106.png 300w, https:\/\/perolinedrevon.fr\/wp-content\/uploads\/2026\/04\/hefku-768x271.png 768w\" sizes=\"(max-width: 1003px) 100vw, 1003px\" \/><\/figure>\n","protected":false},"excerpt":{"rendered":"<p>Cette ann\u00e9e , j&rsquo;ai eu la joie d&rsquo;\u00eatre programm\u00e9e au festival annuel de la semaine de l&rsquo;impro de Nancy La Semaine de l\u2019impro, ce sont des compagnies internationales (Br\u00e9sil, USA, Colombie, Belgique\u2026), des spectacles d\u2019improvisation th\u00e9\u00e2trale, musicale, clownesque, audiovisuelle, litt\u00e9raire, des happenings, des stages, etc Nous avons pu jouer la premi\u00e8re de notre spectacle \u00ab [&hellip;]<\/p>\n","protected":false},"author":1,"featured_media":2010,"comment_status":"open","ping_status":"open","sticky":false,"template":"","format":"standard","meta":{"footnotes":""},"categories":[314,107,56,354,401,238,131,39,313],"tags":[452,449,451,450,286],"class_list":["post-2009","post","type-post","status-publish","format-standard","has-post-thumbnail","hentry","category-atelier","category-comedienne","category-formation","category-impro","category-pedagogie","category-sensibilisation","category-spectacle","category-spectacle-personnalise","category-theatre","tag-a-voix-haute","tag-nancy","tag-sdi","tag-semaine-de-limpro","tag-thierry-bilisko"],"_links":{"self":[{"href":"https:\/\/perolinedrevon.fr\/index.php?rest_route=\/wp\/v2\/posts\/2009","targetHints":{"allow":["GET"]}}],"collection":[{"href":"https:\/\/perolinedrevon.fr\/index.php?rest_route=\/wp\/v2\/posts"}],"about":[{"href":"https:\/\/perolinedrevon.fr\/index.php?rest_route=\/wp\/v2\/types\/post"}],"author":[{"embeddable":true,"href":"https:\/\/perolinedrevon.fr\/index.php?rest_route=\/wp\/v2\/users\/1"}],"replies":[{"embeddable":true,"href":"https:\/\/perolinedrevon.fr\/index.php?rest_route=%2Fwp%2Fv2%2Fcomments&post=2009"}],"version-history":[{"count":1,"href":"https:\/\/perolinedrevon.fr\/index.php?rest_route=\/wp\/v2\/posts\/2009\/revisions"}],"predecessor-version":[{"id":2012,"href":"https:\/\/perolinedrevon.fr\/index.php?rest_route=\/wp\/v2\/posts\/2009\/revisions\/2012"}],"wp:featuredmedia":[{"embeddable":true,"href":"https:\/\/perolinedrevon.fr\/index.php?rest_route=\/wp\/v2\/media\/2010"}],"wp:attachment":[{"href":"https:\/\/perolinedrevon.fr\/index.php?rest_route=%2Fwp%2Fv2%2Fmedia&parent=2009"}],"wp:term":[{"taxonomy":"category","embeddable":true,"href":"https:\/\/perolinedrevon.fr\/index.php?rest_route=%2Fwp%2Fv2%2Fcategories&post=2009"},{"taxonomy":"post_tag","embeddable":true,"href":"https:\/\/perolinedrevon.fr\/index.php?rest_route=%2Fwp%2Fv2%2Ftags&post=2009"}],"curies":[{"name":"wp","href":"https:\/\/api.w.org\/{rel}","templated":true}]}}